{"id":620,"date":"2024-05-03T11:06:45","date_gmt":"2024-05-03T11:06:45","guid":{"rendered":"http:\/\/jesusalcolea.lpmdiseno.com\/pruebasjesusalcolea\/?p=620"},"modified":"2024-05-03T11:22:49","modified_gmt":"2024-05-03T11:22:49","slug":"nueva-exposicion-iconos-de-la-musica-en-la-galeria-francisco-duayer","status":"publish","type":"post","link":"https:\/\/jesusalcolea.lpmdiseno.com\/pruebasjesusalcolea\/index.php\/2024\/05\/03\/nueva-exposicion-iconos-de-la-musica-en-la-galeria-francisco-duayer\/","title":{"rendered":"Nueva exposici\u00f3n \u00abIconos de la m\u00fasica\u00bb en la galer\u00eda Francisco Duayer"},"content":{"rendered":"\n[et_pb_section fb_built=&#8221;1&#8243; _builder_version=&#8221;4.21.0&#8243; _module_preset=&#8221;default&#8221; custom_padding=&#8221;1px|||||&#8221; global_colors_info=&#8221;{}&#8221;][et_pb_row _builder_version=&#8221;4.21.0&#8243; _module_preset=&#8221;default&#8221; width=&#8221;100%&#8221; custom_padding=&#8221;0px|||||&#8221; global_colors_info=&#8221;{}&#8221; column_structure=&#8221;2_5,3_5&#8243;][et_pb_column type=&#8221;2_5&#8243; _builder_version=&#8221;4.21.0&#8243; _module_preset=&#8221;default&#8221; global_colors_info=&#8221;{}&#8221;][et_pb_image src=&#8221;https:\/\/jesusalcolea.lpmdiseno.com\/pruebasjesusalcolea\/wp-content\/uploads\/2023\/06\/iconos-de-la-musica-en-francisco-duayer.jpg&#8221; _builder_version=&#8221;4.21.0&#8243; _module_preset=&#8221;default&#8221; title_text=&#8221;iconos-de-la-musica-en-francisco-duayer&#8221; hover_enabled=&#8221;0&#8243; sticky_enabled=&#8221;0&#8243;][\/et_pb_image][\/et_pb_column][et_pb_column type=&#8221;3_5&#8243; _builder_version=&#8221;4.21.0&#8243; _module_preset=&#8221;default&#8221; global_colors_info=&#8221;{}&#8221;][et_pb_text _builder_version=&#8221;4.21.0&#8243; _module_preset=&#8221;default&#8221; link_option_url=&#8221;https:\/\/madridfree.com\/los-gigantes-de-la-castellana-exposicion\/#more-49895&#8243; link_option_url_new_window=&#8221;on&#8221; hover_enabled=&#8221;0&#8243; global_colors_info=&#8221;{}&#8221; sticky_enabled=&#8221;0&#8243;]<div class=\"et_pb_module et_pb_text et_pb_text_1 et_pb_bg_layout_light  et_pb_text_align_left\">\n<div class=\"et_pb_text_inner\">\n<div class=\"et_pb_module et_pb_text et_pb_text_1 et_pb_bg_layout_light  et_pb_text_align_left\">\n<div class=\"et_pb_text_inner\">\n<p>Llega a<strong>\u00a0Galer\u00eda de Arte<\/strong>\u00a0<strong>Francisco Duayer<\/strong>,<span>\u00a0<\/span><strong>\u00abIconos de la M\u00fasica\u00bb<span>\u00a0<\/span><\/strong>la nueva exposici\u00f3n de<span>\u00a0<\/span><strong>Arte Alcolea<\/strong>. Una muestra donde los seres diminutos de<span>\u00a0<\/span><strong>Jes\u00fas Alcolea<\/strong><span>\u00a0<\/span>protagonizan todas y cada una de las obras, creadas como homenaje a esos grandes personajes de la m\u00fasica que han dejado huella a varias generaciones. De esta forma el artista pl\u00e1stico, expone en una vez m\u00e1s, en una de las galer\u00edas m\u00e1s prestigiosas y con historia de la ciudad. Con casi 40 a\u00f1os de \u00e9xito, llega<span>\u00a0<\/span><strong>\u00abIconos de la M\u00fasica\u00bb<\/strong><span>\u00a0<\/span>a partir del d\u00eda 4 de octubre y hasta el pr\u00f3ximo 30 del mismo, en horario de tarde de lunes a viernes.<\/p>\n<p>La inauguraci\u00f3n est\u00e1 programada para el pr\u00f3ximo s\u00e1bado 7 de octubre a las 18:00 de la tarde, en la propia<span>\u00a0<\/span><strong>Galer\u00eda de Arte<\/strong>\u00a0<b>Francisco Duayer,\u00a0<\/b>en Calle Maldonado, 44 (Madrid).<\/p>\n<p>Se presenta a d\u00eda de hoy, el cartel anunciador y el v\u00eddeo promocional de<span>\u00a0<\/span><strong>\u00abIconos de la M\u00fasica\u00bb<\/strong>, el nuevo trabajo de\u00a0<strong>Arte Alcolea<\/strong>.<\/p>\n<\/div>\n<\/div>\n<\/div>\n<\/div>[\/et_pb_text][\/et_pb_column][\/et_pb_row][et_pb_row _builder_version=&#8221;4.21.0&#8243; _module_preset=&#8221;default&#8221;][et_pb_column _builder_version=&#8221;4.21.0&#8243; _module_preset=&#8221;default&#8221; type=&#8221;4_4&#8243;][et_pb_video src=&#8221;https:\/\/jesusalcolea.lpmdiseno.com\/pruebasjesusalcolea\/wp-content\/uploads\/2023\/06\/VIDEO-EXPOSICION-ICONOS-DE-LA-MUSICA.mp4&#8243; _builder_version=&#8221;4.21.0&#8243; _module_preset=&#8221;default&#8221; title_text=&#8221;imagen-cobertura-VIDEO-iconos de la musica F duayer&#8221; image_src=&#8221;https:\/\/jesusalcolea.lpmdiseno.com\/pruebasjesusalcolea\/wp-content\/uploads\/2023\/06\/imagen-cobertura-VIDEO-iconos-de-la-musica-F-duayer.png&#8221; hover_enabled=&#8221;0&#8243; sticky_enabled=&#8221;0&#8243;][\/et_pb_video][\/et_pb_column][\/et_pb_row][\/et_pb_section]\n","protected":false},"excerpt":{"rendered":"<p>Llega a\u00a0Galer\u00eda de Arte\u00a0Francisco Duayer,\u00a0\u00abIconos de la M\u00fasica\u00bb\u00a0la nueva exposici\u00f3n de\u00a0Arte Alcolea. Una muestra donde los seres diminutos de\u00a0Jes\u00fas Alcolea\u00a0protagonizan todas y cada una de las obras, creadas como homenaje a esos grandes personajes de la m\u00fasica que han dejado huella a varias generaciones. De esta forma el artista pl\u00e1stico, expone en una vez m\u00e1s, [&hellip;]<\/p>\n","protected":false},"author":1,"featured_media":622,"comment_status":"closed","ping_status":"closed","sticky":false,"template":"plantilla-noticias","format":"standard","meta":{"_et_pb_use_builder":"on","_et_pb_old_content":"","_et_gb_content_width":"","footnotes":""},"categories":[1],"tags":[17,26,13],"class_list":["post-620","post","type-post","status-publish","format-standard","has-post-thumbnail","hentry","category-noticias","tag-arte-alcolea","tag-francisco-duayer","tag-jesus-alcolea"],"_links":{"self":[{"href":"https:\/\/jesusalcolea.lpmdiseno.com\/pruebasjesusalcolea\/index.php\/wp-json\/wp\/v2\/posts\/620","targetHints":{"allow":["GET"]}}],"collection":[{"href":"https:\/\/jesusalcolea.lpmdiseno.com\/pruebasjesusalcolea\/index.php\/wp-json\/wp\/v2\/posts"}],"about":[{"href":"https:\/\/jesusalcolea.lpmdiseno.com\/pruebasjesusalcolea\/index.php\/wp-json\/wp\/v2\/types\/post"}],"author":[{"embeddable":true,"href":"https:\/\/jesusalcolea.lpmdiseno.com\/pruebasjesusalcolea\/index.php\/wp-json\/wp\/v2\/users\/1"}],"replies":[{"embeddable":true,"href":"https:\/\/jesusalcolea.lpmdiseno.com\/pruebasjesusalcolea\/index.php\/wp-json\/wp\/v2\/comments?post=620"}],"version-history":[{"count":3,"href":"https:\/\/jesusalcolea.lpmdiseno.com\/pruebasjesusalcolea\/index.php\/wp-json\/wp\/v2\/posts\/620\/revisions"}],"predecessor-version":[{"id":822,"href":"https:\/\/jesusalcolea.lpmdiseno.com\/pruebasjesusalcolea\/index.php\/wp-json\/wp\/v2\/posts\/620\/revisions\/822"}],"wp:featuredmedia":[{"embeddable":true,"href":"https:\/\/jesusalcolea.lpmdiseno.com\/pruebasjesusalcolea\/index.php\/wp-json\/wp\/v2\/media\/622"}],"wp:attachment":[{"href":"https:\/\/jesusalcolea.lpmdiseno.com\/pruebasjesusalcolea\/index.php\/wp-json\/wp\/v2\/media?parent=620"}],"wp:term":[{"taxonomy":"category","embeddable":true,"href":"https:\/\/jesusalcolea.lpmdiseno.com\/pruebasjesusalcolea\/index.php\/wp-json\/wp\/v2\/categories?post=620"},{"taxonomy":"post_tag","embeddable":true,"href":"https:\/\/jesusalcolea.lpmdiseno.com\/pruebasjesusalcolea\/index.php\/wp-json\/wp\/v2\/tags?post=620"}],"curies":[{"name":"wp","href":"https:\/\/api.w.org\/{rel}","templated":true}]}}