{"id":634,"date":"2024-05-03T11:06:45","date_gmt":"2024-05-03T11:06:45","guid":{"rendered":"http:\/\/jesusalcolea.lpmdiseno.com\/pruebasjesusalcolea\/?p=634"},"modified":"2024-05-03T11:22:48","modified_gmt":"2024-05-03T11:22:48","slug":"entrevista-a-jesus-alcolea-por-el-difusor-de-arte-sergio-estevez","status":"publish","type":"post","link":"https:\/\/jesusalcolea.lpmdiseno.com\/pruebasjesusalcolea\/index.php\/2024\/05\/03\/entrevista-a-jesus-alcolea-por-el-difusor-de-arte-sergio-estevez\/","title":{"rendered":"Entrevista a Jes\u00fas Alcolea por el difusor de arte Sergio Est\u00e9vez"},"content":{"rendered":"\n[et_pb_section fb_built=&#8221;1&#8243; _builder_version=&#8221;4.21.0&#8243; _module_preset=&#8221;default&#8221; custom_padding=&#8221;1px|||||&#8221; global_colors_info=&#8221;{}&#8221;][et_pb_row _builder_version=&#8221;4.21.0&#8243; _module_preset=&#8221;default&#8221; width=&#8221;100%&#8221; custom_padding=&#8221;0px|||||&#8221; global_colors_info=&#8221;{}&#8221;][et_pb_column type=&#8221;4_4&#8243; _builder_version=&#8221;4.21.0&#8243; _module_preset=&#8221;default&#8221; global_colors_info=&#8221;{}&#8221;][et_pb_image src=&#8221;https:\/\/jesusalcolea.lpmdiseno.com\/pruebasjesusalcolea\/wp-content\/uploads\/2023\/06\/entrevista-de-sergio-estevez.jpg&#8221; title_text=&#8221;entrevista-de-sergio-estevez&#8221; force_fullwidth=&#8221;on&#8221; _builder_version=&#8221;4.21.0&#8243; _module_preset=&#8221;default&#8221; hover_enabled=&#8221;0&#8243; global_colors_info=&#8221;{}&#8221; sticky_enabled=&#8221;0&#8243;][\/et_pb_image][et_pb_text _builder_version=&#8221;4.21.0&#8243; _module_preset=&#8221;default&#8221; link_option_url=&#8221;https:\/\/madridfree.com\/los-gigantes-de-la-castellana-exposicion\/#more-49895&#8243; link_option_url_new_window=&#8221;on&#8221; hover_enabled=&#8221;0&#8243; global_colors_info=&#8221;{}&#8221; sticky_enabled=&#8221;0&#8243;]<p><span>Sergio Est\u00e9vez, realizar una entrevista a Jes\u00fas Alcolea\u00a0<\/span><strong>\u00abArte Alcolea\u00bb<\/strong><span>\u00a0para conocer de su mano el proceso creativo de sus obras.<\/span><\/p>\n<p>Puedes leer la entrevista completa a continuaci\u00f3n:<\/p>\n<div class=\"et_pb_row et_pb_row_1\">\n<div class=\"et_pb_column et_pb_column_4_4 et_pb_column_1    et_pb_css_mix_blend_mode_passthrough et-last-child\">\n<div class=\"et_pb_module et_pb_text et_pb_text_2 et_pb_bg_layout_light  et_pb_text_align_left\">\n<div class=\"et_pb_text_inner\">\n<p><strong>\u00bfCu\u00e1l es tu proceso creativo?<\/strong><\/p>\n<p>Mi proceso creativo es muy diferente seg\u00fan la tem\u00e1tica y l\u00ednea de\u00a0trabajo. Mis obras se caracterizan por tener un profundo significado.\u00a0Creo que los artistas tenemos la libertad y el compromiso de transmitir un mensaje a trav\u00e9s de nuestra obra, un mensaje que\u00a0provoque reacciones y despierte emociones en el espectador.<\/p>\n<p>Siempre intento ser lo m\u00e1s original posible, casi nunca utilizo fotograf\u00edas ni bocetos previos a la obra, ni siquiera un simple esbozo. Defino el mensaje, lo que quiero plasmar en la obra y como transmitirlo. Una vez desarrollada la idea en mi imaginario personal, calculo las medidas de la obra, fabrico el bastidor y comienzo la obra.<\/p>\n<p>Lo m\u00e1s dif\u00edcil para m\u00ed, es conseguir ser lo m\u00e1s fiel posible a mi primer\u00a0pensamiento creativo.<\/p>\n<\/div>\n<\/div>\n<\/div>\n<\/div>\n<div class=\"et_pb_row et_pb_row_2\">\n<div class=\"et_pb_column et_pb_column_4_4 et_pb_column_2    et_pb_css_mix_blend_mode_passthrough et-last-child\">\n<div class=\"et_pb_module et_pb_text et_pb_text_3 et_pb_bg_layout_light  et_pb_text_align_left\">\n<div class=\"et_pb_text_inner\">\n<p><strong>\u00bfTe ha influenciado alg\u00fan artista?<\/strong><\/p>\n<p>Tengo varios referentes art\u00edsticos, Barcel\u00f3, Tapies, Saura, Lucio Mu\u00f1oz, por citar algunos. La materia me ha atra\u00eddo mucho, el volumen y el relieve me ha fascinado desde siempre.\u00a0<\/p>\n<p>Tambi\u00e9n todo lo referente a lo humano, la multitud de personas y lo\u00a0<span>que nos intentan transmitir, la obra de El Bosco, Goya, Solana o\u00a0Genov\u00e9s me conmueve y maravilla, de hecho, mis \u00abDiminutos\u00bb son un reflejo de la influencia que estos artistas han ejercido sobre m\u00ed y mi obra.<\/span><\/p>\n<\/div>\n<\/div>\n<\/div>\n<\/div>\n<div class=\"et_pb_row et_pb_row_3\">\n<div class=\"et_pb_column et_pb_column_4_4 et_pb_column_3    et_pb_css_mix_blend_mode_passthrough et-last-child\">\n<div class=\"et_pb_module et_pb_text et_pb_text_4 et_pb_bg_layout_light  et_pb_text_align_left\">\n<div class=\"et_pb_text_inner\">\n<p><strong>\u00bfEn qu\u00e9 estilo te defines?<\/strong><\/p>\n<p>Depende de la l\u00ednea de trabajo, pero mayormente figurativo.<\/p>\n<\/div>\n<\/div>\n<\/div>\n<\/div>\n<div class=\"et_pb_row et_pb_row_4\">\n<div class=\"et_pb_column et_pb_column_4_4 et_pb_column_4    et_pb_css_mix_blend_mode_passthrough et-last-child\">\n<div class=\"et_pb_module et_pb_text et_pb_text_5 et_pb_bg_layout_light  et_pb_text_align_left\">\n<div class=\"et_pb_text_inner\">\n<p><strong>\u00bfQu\u00e9 sientes cuando creas?<\/strong><\/p>\n<p>Pues siento que estoy haciendo algo grande, que me va la vida en ello cuando estoy inmerso en la obra. No hay tiempo, ni d\u00eda, ni noche, ni festivos, ni familia pr\u00e1cticamente, solo la obra. En mis \u00faltimas colecciones de \u00abDiminutos\u00bb hay obras que tarde dos meses en realizarlas con una media de ocho horas al d\u00eda. Es como una obsesi\u00f3n al ser tan complejas, cada obra es un reto para m\u00ed.<\/p>\n<p>Es un trabajo muy duro, pero tiene su recompensa al terminar la obra y ver el resultado final. La satisfacci\u00f3n personal y posteriormente el reconocimiento del p\u00fablico, para m\u00ed no tiene precio. Creo que es el trabajo m\u00e1s gratificante y maravilloso del mundo.<\/p>\n<\/div>\n<\/div>\n<\/div>\n<\/div>\n<div class=\"et_pb_row et_pb_row_5\">\n<div class=\"et_pb_column et_pb_column_4_4 et_pb_column_5    et_pb_css_mix_blend_mode_passthrough et-last-child\">\n<div class=\"et_pb_module et_pb_text et_pb_text_6 et_pb_bg_layout_light  et_pb_text_align_left\">\n<div class=\"et_pb_text_inner\">\n<p><strong>\u00bfPr\u00f3ximos proyectos?<\/strong><\/p>\n<p>Ahora estoy inmerso en mi \u00faltima colecci\u00f3n en la cual llevo trabajando el \u00faltimo a\u00f1o, \u00abLa Grandeza de lo Diminuto\u00bb. Una muestra en la que homenajeo a grandes maestros de la pintura, representando sus obras m\u00e1s conocidas a trav\u00e9s de mi t\u00e9cnica de \u00abDiminutos\u00bb.<\/p>\n<p>\u00abLa Grandeza de lo Diminuto\u00bb es una alegor\u00eda sobre lo humano, en la que\u00a0miles de personajes min\u00fasculos, organizados, en paz y comuni\u00f3n, se re\u00fanen\u00a0en un espacio claro y allanado a modo de lienzo con un objetivo en com\u00fan,\u00a0representar im\u00e1genes de cuadros que han quedado marcadas en su memoria\u00a0y utilizando como si fuese un pincel, solo sus cuerpos y la sombra que proyectan los mismos.<\/p>\n<p>Obras de Picasso, Dal\u00ed, Sorolla, Magritte, Delacroix, Vel\u00e1zquez o Goya, por citar algunos, formar parte de esta muestra expositiva en la que el color\u00a0toma un gran protagonismo. Cada una de las obras nos evoca un sentimiento\u00a0a trav\u00e9s del color.<\/p>\n<p>El rojo como s\u00edmbolo de peligro o miedo en el baile de las\u00a0brujas de Goya. Los azules nost\u00e1lgicos de la muchacha en la ventana de Dal\u00ed,\u00a0en la que es la humanidad la que contempla el mundo tras la ventana, o los\u00a0verdes marinos de Sorolla que nos despiertan un sentir vacacional.<\/p>\n<p>Detr\u00e1s de cada obra hay un complejo proceso creativo. Un estudio minucioso del original, su composici\u00f3n y perspectiva, siempre buscando la ubicaci\u00f3n\u00a0definitiva de cada ser diminuto que compone la imagen final, el paso previo a\u00a0un duro trabajo de semanas e incluso meses, ya que hay obras en las que\u00a0puede haber cientos de miles personajes diminutos. Cada obra contiene mil\u00a0obras en su interior, haciendo patente y dando ejemplo una vez m\u00e1s, que la\u00a0uni\u00f3n hace la fuerza.<\/p>\n<p>Una colecci\u00f3n que cuenta historias gigantes a trav\u00e9s de seres diminutos\u00a0dotados de fuerza colosal.<\/p>\n<\/div>\n<\/div>\n<\/div>\n<\/div>[\/et_pb_text][\/et_pb_column][\/et_pb_row][\/et_pb_section]\n","protected":false},"excerpt":{"rendered":"<p>Sergio Est\u00e9vez, realizar una entrevista a Jes\u00fas Alcolea\u00a0\u00abArte Alcolea\u00bb\u00a0para conocer de su mano el proceso creativo de sus obras. Puedes leer la entrevista completa a continuaci\u00f3n: \u00bfCu\u00e1l es tu proceso creativo? Mi proceso creativo es muy diferente seg\u00fan la tem\u00e1tica y l\u00ednea de\u00a0trabajo. Mis obras se caracterizan por tener un profundo significado.\u00a0Creo que los artistas [&hellip;]<\/p>\n","protected":false},"author":1,"featured_media":636,"comment_status":"closed","ping_status":"closed","sticky":false,"template":"plantilla-noticias","format":"standard","meta":{"_et_pb_use_builder":"on","_et_pb_old_content":"","_et_gb_content_width":"","footnotes":""},"categories":[1],"tags":[17,13,31],"class_list":["post-634","post","type-post","status-publish","format-standard","has-post-thumbnail","hentry","category-noticias","tag-arte-alcolea","tag-jesus-alcolea","tag-sergio-estevez"],"_links":{"self":[{"href":"https:\/\/jesusalcolea.lpmdiseno.com\/pruebasjesusalcolea\/index.php\/wp-json\/wp\/v2\/posts\/634","targetHints":{"allow":["GET"]}}],"collection":[{"href":"https:\/\/jesusalcolea.lpmdiseno.com\/pruebasjesusalcolea\/index.php\/wp-json\/wp\/v2\/posts"}],"about":[{"href":"https:\/\/jesusalcolea.lpmdiseno.com\/pruebasjesusalcolea\/index.php\/wp-json\/wp\/v2\/types\/post"}],"author":[{"embeddable":true,"href":"https:\/\/jesusalcolea.lpmdiseno.com\/pruebasjesusalcolea\/index.php\/wp-json\/wp\/v2\/users\/1"}],"replies":[{"embeddable":true,"href":"https:\/\/jesusalcolea.lpmdiseno.com\/pruebasjesusalcolea\/index.php\/wp-json\/wp\/v2\/comments?post=634"}],"version-history":[{"count":3,"href":"https:\/\/jesusalcolea.lpmdiseno.com\/pruebasjesusalcolea\/index.php\/wp-json\/wp\/v2\/posts\/634\/revisions"}],"predecessor-version":[{"id":819,"href":"https:\/\/jesusalcolea.lpmdiseno.com\/pruebasjesusalcolea\/index.php\/wp-json\/wp\/v2\/posts\/634\/revisions\/819"}],"wp:featuredmedia":[{"embeddable":true,"href":"https:\/\/jesusalcolea.lpmdiseno.com\/pruebasjesusalcolea\/index.php\/wp-json\/wp\/v2\/media\/636"}],"wp:attachment":[{"href":"https:\/\/jesusalcolea.lpmdiseno.com\/pruebasjesusalcolea\/index.php\/wp-json\/wp\/v2\/media?parent=634"}],"wp:term":[{"taxonomy":"category","embeddable":true,"href":"https:\/\/jesusalcolea.lpmdiseno.com\/pruebasjesusalcolea\/index.php\/wp-json\/wp\/v2\/categories?post=634"},{"taxonomy":"post_tag","embeddable":true,"href":"https:\/\/jesusalcolea.lpmdiseno.com\/pruebasjesusalcolea\/index.php\/wp-json\/wp\/v2\/tags?post=634"}],"curies":[{"name":"wp","href":"https:\/\/api.w.org\/{rel}","templated":true}]}}