{"id":651,"date":"2024-05-03T11:06:44","date_gmt":"2024-05-03T11:06:44","guid":{"rendered":"http:\/\/jesusalcolea.lpmdiseno.com\/pruebasjesusalcolea\/?p=651"},"modified":"2024-05-03T11:22:50","modified_gmt":"2024-05-03T11:22:50","slug":"entrevista-a-jesus-alcolea-en-radio-cope-leon","status":"publish","type":"post","link":"https:\/\/jesusalcolea.lpmdiseno.com\/pruebasjesusalcolea\/index.php\/2024\/05\/03\/entrevista-a-jesus-alcolea-en-radio-cope-leon\/","title":{"rendered":"Entrevista a Jes\u00fas Alcolea en radio Cope Le\u00f3n"},"content":{"rendered":"\n[et_pb_section fb_built=&#8221;1&#8243; _builder_version=&#8221;4.21.0&#8243; _module_preset=&#8221;default&#8221; custom_padding=&#8221;1px|||||&#8221; global_colors_info=&#8221;{}&#8221;][et_pb_row _builder_version=&#8221;4.21.0&#8243; _module_preset=&#8221;default&#8221; width=&#8221;100%&#8221; custom_padding=&#8221;0px|||||&#8221; global_colors_info=&#8221;{}&#8221;][et_pb_column type=&#8221;4_4&#8243; _builder_version=&#8221;4.21.0&#8243; _module_preset=&#8221;default&#8221; global_colors_info=&#8221;{}&#8221;][et_pb_text _builder_version=&#8221;4.21.0&#8243; _module_preset=&#8221;default&#8221; link_option_url=&#8221;https:\/\/madridfree.com\/los-gigantes-de-la-castellana-exposicion\/#more-49895&#8243; link_option_url_new_window=&#8221;on&#8221; hover_enabled=&#8221;0&#8243; global_colors_info=&#8221;{}&#8221; sticky_enabled=&#8221;0&#8243;]<div class=\"et_pb_module et_pb_text et_pb_text_1 et_pb_bg_layout_light  et_pb_text_align_left\">\n<div class=\"et_pb_text_inner\">\n<p>El programa\u00a0<strong>\u00abEscucha Herrera y Medio d\u00eda\u00bb<\/strong><span>\u00a0<\/span>de Radio Cope, entrevista y repasa la trayectoria de<span>\u00a0<\/span><strong>\u00a0Jes\u00fas Alcolea<\/strong>. El programa tambi\u00e9n se hace eco de\u00a0la nueva exposici\u00f3n de<span>\u00a0<\/span><strong>Arte Alcolea<\/strong>\u00a0<strong>\u00abLa Grandeza de lo Diminuto\u00bb<\/strong>,<strong>\u00a0<\/strong>en la\u00a0<strong>Galer\u00eda de Arte Alemi<\/strong>.<\/p>\n<p>La muestra llega a partir del d\u00eda 3 de febrero y hasta el pr\u00f3ximo 24 del mismo, en horario de tarde de lunes a viernes de 11:00 a 14:00 y 17:30 a 20:30. S\u00e1bados de de 11:00 a 14:00.<\/p>\n<p>La inauguraci\u00f3n est\u00e1 programada para el pr\u00f3ximo s\u00e1bado 5 de febrero a las 19:00 de la tarde, en la propia\u00a0<strong>Galer\u00eda de Arte<\/strong>\u00a0<b>Alemi,\u00a0<\/b>en la Plaza San Marcelo, 11 (Le\u00f3n).<\/p>\n<p><strong>\u00abLa Grandeza de lo Diminuto\u00bb<\/strong>. Una exposici\u00f3n donde los seres diminutos caracter\u00edsticos de\u00a0<strong>Jes\u00fas Alcolea<\/strong> protagonizaran todas y cada una de las historias que cuentan sus obras, como homenaje a obras de Picasso, Dal\u00ed, Sorolla, Magritte, Delacroix, Vel\u00e1zquez o Goya.<\/p>\n<\/div>\n<\/div>[\/et_pb_text][et_pb_video src=&#8221;https:\/\/jesusalcolea.lpmdiseno.com\/pruebasjesusalcolea\/wp-content\/uploads\/2023\/06\/ENTREVISTA-EN-RADIO-COPE.mp4&#8243; _builder_version=&#8221;4.21.0&#8243; _module_preset=&#8221;default&#8221; title_text=&#8221;ENTREVISTA-EN-RADIO-COPE&#8221; hover_enabled=&#8221;0&#8243; sticky_enabled=&#8221;0&#8243;][\/et_pb_video][\/et_pb_column][\/et_pb_row][\/et_pb_section]\n","protected":false},"excerpt":{"rendered":"<p>El programa\u00a0\u00abEscucha Herrera y Medio d\u00eda\u00bb\u00a0de Radio Cope, entrevista y repasa la trayectoria de\u00a0\u00a0Jes\u00fas Alcolea. El programa tambi\u00e9n se hace eco de\u00a0la nueva exposici\u00f3n de\u00a0Arte Alcolea\u00a0\u00abLa Grandeza de lo Diminuto\u00bb,\u00a0en la\u00a0Galer\u00eda de Arte Alemi. La muestra llega a partir del d\u00eda 3 de febrero y hasta el pr\u00f3ximo 24 del mismo, en horario de tarde [&hellip;]<\/p>\n","protected":false},"author":1,"featured_media":815,"comment_status":"closed","ping_status":"closed","sticky":false,"template":"plantilla-noticias","format":"standard","meta":{"_et_pb_use_builder":"on","_et_pb_old_content":"","_et_gb_content_width":"","footnotes":""},"categories":[1],"tags":[17,13,35],"class_list":["post-651","post","type-post","status-publish","format-standard","has-post-thumbnail","hentry","category-noticias","tag-arte-alcolea","tag-jesus-alcolea","tag-radio-cope-leon"],"_links":{"self":[{"href":"https:\/\/jesusalcolea.lpmdiseno.com\/pruebasjesusalcolea\/index.php\/wp-json\/wp\/v2\/posts\/651","targetHints":{"allow":["GET"]}}],"collection":[{"href":"https:\/\/jesusalcolea.lpmdiseno.com\/pruebasjesusalcolea\/index.php\/wp-json\/wp\/v2\/posts"}],"about":[{"href":"https:\/\/jesusalcolea.lpmdiseno.com\/pruebasjesusalcolea\/index.php\/wp-json\/wp\/v2\/types\/post"}],"author":[{"embeddable":true,"href":"https:\/\/jesusalcolea.lpmdiseno.com\/pruebasjesusalcolea\/index.php\/wp-json\/wp\/v2\/users\/1"}],"replies":[{"embeddable":true,"href":"https:\/\/jesusalcolea.lpmdiseno.com\/pruebasjesusalcolea\/index.php\/wp-json\/wp\/v2\/comments?post=651"}],"version-history":[{"count":3,"href":"https:\/\/jesusalcolea.lpmdiseno.com\/pruebasjesusalcolea\/index.php\/wp-json\/wp\/v2\/posts\/651\/revisions"}],"predecessor-version":[{"id":816,"href":"https:\/\/jesusalcolea.lpmdiseno.com\/pruebasjesusalcolea\/index.php\/wp-json\/wp\/v2\/posts\/651\/revisions\/816"}],"wp:featuredmedia":[{"embeddable":true,"href":"https:\/\/jesusalcolea.lpmdiseno.com\/pruebasjesusalcolea\/index.php\/wp-json\/wp\/v2\/media\/815"}],"wp:attachment":[{"href":"https:\/\/jesusalcolea.lpmdiseno.com\/pruebasjesusalcolea\/index.php\/wp-json\/wp\/v2\/media?parent=651"}],"wp:term":[{"taxonomy":"category","embeddable":true,"href":"https:\/\/jesusalcolea.lpmdiseno.com\/pruebasjesusalcolea\/index.php\/wp-json\/wp\/v2\/categories?post=651"},{"taxonomy":"post_tag","embeddable":true,"href":"https:\/\/jesusalcolea.lpmdiseno.com\/pruebasjesusalcolea\/index.php\/wp-json\/wp\/v2\/tags?post=651"}],"curies":[{"name":"wp","href":"https:\/\/api.w.org\/{rel}","templated":true}]}}