{"id":655,"date":"2024-05-03T11:06:44","date_gmt":"2024-05-03T11:06:44","guid":{"rendered":"http:\/\/jesusalcolea.lpmdiseno.com\/pruebasjesusalcolea\/?p=655"},"modified":"2024-05-03T11:22:50","modified_gmt":"2024-05-03T11:22:50","slug":"la-grandeza-de-lo-diminuto-de-arte-alcolea-en-el-periodico-diario-de-leon","status":"publish","type":"post","link":"https:\/\/jesusalcolea.lpmdiseno.com\/pruebasjesusalcolea\/index.php\/2024\/05\/03\/la-grandeza-de-lo-diminuto-de-arte-alcolea-en-el-periodico-diario-de-leon\/","title":{"rendered":"\u00abLa grandeza de lo diminuto\u00bb de Arte Alcolea en el peri\u00f3dico Diario de Le\u00f3n"},"content":{"rendered":"\n[et_pb_section fb_built=&#8221;1&#8243; _builder_version=&#8221;4.21.0&#8243; _module_preset=&#8221;default&#8221; custom_padding=&#8221;1px|||||&#8221; global_colors_info=&#8221;{}&#8221;][et_pb_row _builder_version=&#8221;4.21.0&#8243; _module_preset=&#8221;default&#8221; width=&#8221;100%&#8221; custom_padding=&#8221;0px|||||&#8221; global_colors_info=&#8221;{}&#8221;][et_pb_column type=&#8221;4_4&#8243; _builder_version=&#8221;4.21.0&#8243; _module_preset=&#8221;default&#8221; global_colors_info=&#8221;{}&#8221;][et_pb_image src=&#8221;https:\/\/jesusalcolea.lpmdiseno.com\/pruebasjesusalcolea\/wp-content\/uploads\/2023\/06\/diario-de-leon.jpg&#8221; title_text=&#8221;diario-de-leon&#8221; _builder_version=&#8221;4.21.0&#8243; _module_preset=&#8221;default&#8221; hover_enabled=&#8221;0&#8243; global_colors_info=&#8221;{}&#8221; sticky_enabled=&#8221;0&#8243;][\/et_pb_image][et_pb_text _builder_version=&#8221;4.21.0&#8243; _module_preset=&#8221;default&#8221; link_option_url=&#8221;https:\/\/madridfree.com\/los-gigantes-de-la-castellana-exposicion\/#more-49895&#8243; link_option_url_new_window=&#8221;on&#8221; hover_enabled=&#8221;0&#8243; global_colors_info=&#8221;{}&#8221; sticky_enabled=&#8221;0&#8243;]<p><span>El peri\u00f3dico\u00a0<\/span><a href=\"https:\/\/www.diariodeleon.es\/\" target=\"_blank\" rel=\"noopener\"><strong>Diario de L\u00e9on<\/strong><\/a><span>\u00a0recomienda visitar la nueva exposici\u00f3n de\u00a0<\/span><strong>Arte Alcolea<\/strong><span>\u00a0<\/span><strong>\u00abLa Grandeza de lo Diminuto\u00bb<\/strong><span>,<\/span><strong>\u00a0<\/strong><span>en la\u00a0<\/span><strong>Galer\u00eda de Arte Alemi<\/strong><span>.<\/span><\/p>\n<p>La inauguraci\u00f3n, que tendr\u00e1 lugar el pr\u00f3ximo 5 de febrero podr\u00e1 ser visitada desde el 3 hasta el pr\u00f3ximo 23 del mismo, en horario de tarde de lunes a viernes de 11:00 a 14:00 y 17:30 a 20:30. S\u00e1bados de de 11:00 a 14:00.<\/p>\n<p><strong>Galer\u00eda de Arte<\/strong>\u00a0<b>Alemi,\u00a0<\/b>en la Plaza San Marcelo, 11 (Le\u00f3n).<\/p>[\/et_pb_text][et_pb_button button_url=&#8221;https:\/\/www.diariodeleon.es\/articulo\/cultura\/firma-inconfundible-todas-mis-obras-son-mis-diminutos\/202202010334112187105.html?utm_source=social&#038;utm_medium=whatsapp&#038;utm_campaign=share_button&#8221; url_new_window=&#8221;on&#8221; button_text=&#8221;LEER NOTICIA&#8221; _builder_version=&#8221;4.21.0&#8243; _module_preset=&#8221;default&#8221; custom_button=&#8221;on&#8221; button_text_size=&#8221;16px&#8221; button_border_width=&#8221;1px&#8221; button_border_radius=&#8221;0px&#8221; button_letter_spacing=&#8221;1px&#8221; animation_style=&#8221;fade&#8221; hover_enabled=&#8221;0&#8243; locked=&#8221;off&#8221; global_colors_info=&#8221;{}&#8221; sticky_enabled=&#8221;0&#8243;][\/et_pb_button][\/et_pb_column][\/et_pb_row][\/et_pb_section]\n","protected":false},"excerpt":{"rendered":"<p>El peri\u00f3dico\u00a0Diario de L\u00e9on\u00a0recomienda visitar la nueva exposici\u00f3n de\u00a0Arte Alcolea\u00a0\u00abLa Grandeza de lo Diminuto\u00bb,\u00a0en la\u00a0Galer\u00eda de Arte Alemi. La inauguraci\u00f3n, que tendr\u00e1 lugar el pr\u00f3ximo 5 de febrero podr\u00e1 ser visitada desde el 3 hasta el pr\u00f3ximo 23 del mismo, en horario de tarde de lunes a viernes de 11:00 a 14:00 y 17:30 a [&hellip;]<\/p>\n","protected":false},"author":1,"featured_media":657,"comment_status":"closed","ping_status":"closed","sticky":false,"template":"plantilla-noticias","format":"standard","meta":{"_et_pb_use_builder":"on","_et_pb_old_content":"","_et_gb_content_width":"","footnotes":""},"categories":[1],"tags":[17,36,13],"class_list":["post-655","post","type-post","status-publish","format-standard","has-post-thumbnail","hentry","category-noticias","tag-arte-alcolea","tag-diario-de-leon","tag-jesus-alcolea"],"_links":{"self":[{"href":"https:\/\/jesusalcolea.lpmdiseno.com\/pruebasjesusalcolea\/index.php\/wp-json\/wp\/v2\/posts\/655","targetHints":{"allow":["GET"]}}],"collection":[{"href":"https:\/\/jesusalcolea.lpmdiseno.com\/pruebasjesusalcolea\/index.php\/wp-json\/wp\/v2\/posts"}],"about":[{"href":"https:\/\/jesusalcolea.lpmdiseno.com\/pruebasjesusalcolea\/index.php\/wp-json\/wp\/v2\/types\/post"}],"author":[{"embeddable":true,"href":"https:\/\/jesusalcolea.lpmdiseno.com\/pruebasjesusalcolea\/index.php\/wp-json\/wp\/v2\/users\/1"}],"replies":[{"embeddable":true,"href":"https:\/\/jesusalcolea.lpmdiseno.com\/pruebasjesusalcolea\/index.php\/wp-json\/wp\/v2\/comments?post=655"}],"version-history":[{"count":3,"href":"https:\/\/jesusalcolea.lpmdiseno.com\/pruebasjesusalcolea\/index.php\/wp-json\/wp\/v2\/posts\/655\/revisions"}],"predecessor-version":[{"id":814,"href":"https:\/\/jesusalcolea.lpmdiseno.com\/pruebasjesusalcolea\/index.php\/wp-json\/wp\/v2\/posts\/655\/revisions\/814"}],"wp:featuredmedia":[{"embeddable":true,"href":"https:\/\/jesusalcolea.lpmdiseno.com\/pruebasjesusalcolea\/index.php\/wp-json\/wp\/v2\/media\/657"}],"wp:attachment":[{"href":"https:\/\/jesusalcolea.lpmdiseno.com\/pruebasjesusalcolea\/index.php\/wp-json\/wp\/v2\/media?parent=655"}],"wp:term":[{"taxonomy":"category","embeddable":true,"href":"https:\/\/jesusalcolea.lpmdiseno.com\/pruebasjesusalcolea\/index.php\/wp-json\/wp\/v2\/categories?post=655"},{"taxonomy":"post_tag","embeddable":true,"href":"https:\/\/jesusalcolea.lpmdiseno.com\/pruebasjesusalcolea\/index.php\/wp-json\/wp\/v2\/tags?post=655"}],"curies":[{"name":"wp","href":"https:\/\/api.w.org\/{rel}","templated":true}]}}